{"id":3746,"date":"2022-09-05T15:02:05","date_gmt":"2022-09-05T15:02:05","guid":{"rendered":"https:\/\/perlad.com\/?p=3746"},"modified":"2022-09-08T12:18:03","modified_gmt":"2022-09-08T12:18:03","slug":"innovacion-sostenible","status":"publish","type":"post","link":"https:\/\/perlad.com\/en\/innovacion-sostenible\/","title":{"rendered":"INNOVACION SOSTENIBLE"},"content":{"rendered":"<div data-elementor-type=\"wp-post\" data-elementor-id=\"3746\" class=\"elementor elementor-3746\" data-elementor-settings=\"[]\">\n\t\t\t\t\t\t\t<div class=\"elementor-section-wrap\">\n\t\t\t\t\t\t\t<section class=\"elementor-section elementor-top-section elementor-element elementor-element-7a04ba00 elementor-section-boxed elementor-section-height-default elementor-section-height-default\" data-id=\"7a04ba00\" data-element_type=\"section\">\n\t\t\t\t\t\t<div class=\"elementor-container elementor-column-gap-default\">\n\t\t\t\t\t<div class=\"elementor-column elementor-col-100 elementor-top-column elementor-element elementor-element-66cb1906\" data-id=\"66cb1906\" data-element_type=\"column\">\n\t\t\t<div class=\"elementor-widget-wrap elementor-element-populated\">\n\t\t\t\t\t\t\t\t<div class=\"elementor-element elementor-element-1822820 elementor-view-default elementor-widget elementor-widget-icon\" data-id=\"1822820\" data-element_type=\"widget\" data-widget_type=\"icon.default\">\n\t\t\t\t<div class=\"elementor-widget-container\">\n\t\t\t\t\t<div class=\"elementor-icon-wrapper\">\n\t\t\t<div class=\"elementor-icon elementor-animation-grow\">\n\t\t\t<i aria-hidden=\"true\" class=\"fas fa-angle-double-down\"><\/i>\t\t\t<\/div>\n\t\t<\/div>\n\t\t\t\t<\/div>\n\t\t\t\t<\/div>\n\t\t\t\t<div class=\"elementor-element elementor-element-41e8475b elementor-widget elementor-widget-text-editor\" data-id=\"41e8475b\" data-element_type=\"widget\" data-widget_type=\"text-editor.default\">\n\t\t\t\t<div class=\"elementor-widget-container\">\n\t\t\t<style>\/*! elementor - v3.5.3 - 28-12-2021 *\/\n.elementor-widget-text-editor.elementor-drop-cap-view-stacked .elementor-drop-cap{background-color:#818a91;color:#fff}.elementor-widget-text-editor.elementor-drop-cap-view-framed .elementor-drop-cap{color:#818a91;border:3px solid;background-color:transparent}.elementor-widget-text-editor:not(.elementor-drop-cap-view-default) .elementor-drop-cap{margin-top:8px}.elementor-widget-text-editor:not(.elementor-drop-cap-view-default) .elementor-drop-cap-letter{width:1em;height:1em}.elementor-widget-text-editor .elementor-drop-cap{float:left;text-align:center;line-height:1;font-size:50px}.elementor-widget-text-editor .elementor-drop-cap-letter{display:inline-block}<\/style>\t\t\t\t<p>Durante el 2019, participamos en <b>Andinapack<\/b> y <b>Andigr\u00e1fica<\/b>; dos de las ferias m\u00e1s importantes del pa\u00eds, mostrando nuestro compromiso con el desarrollo sostenible. En ambas ferias fueron expuestos nuestros productos fabricados a partir del cart\u00f3n; una industria que ha tenido gran crecimiento en los \u00faltimos a\u00f1os debido a su importancia dentro del camino al desarrollo sostenible.<\/p><p>Por otra parte, con nuestras propuestas buscamos generar impactos positivos siendo eficientes en cuando a\u00a0los recursos empleados en la fabricaci\u00f3n de nuestro material cart\u00f3n Panal; adem\u00e1s, durante nuestra producci\u00f3n buscamos reducir el consumo de agua y energ\u00eda, creando <b>procesos m\u00e1s limpios<\/b> y reduciendo las emisiones de CO2.<\/p><p>La importancia del consumo de <b>empaques biodegradables<\/b> radica en la intenci\u00f3n de la industria de crear ciclos de producci\u00f3n con un modelo de econom\u00eda circular; Donde los residuos sean biodegradables, no peligrosos y adem\u00e1s, puedan ser aprovechados nuevamente; Esta oportunidad de crear productos nuevos a partir de fibras v\u00edrgenes recicladas es una oportunidad a la que le apostamos para cumplir con <b>Objetivos de desarrollo sostenible (OBS)<\/b>; De<span style=\"letter-spacing: 0px;\">\u00a0esta manera, fomentamos el reciclaje en el pa\u00eds.<\/span><\/p><p>De hecho, <b>la sostenibilidad se ha convertido el nuestro eje<\/b> de estrategia, ya que a traves de ella buscamos ser altamente productivos y actuar de forma positiva; es decir, redirigimos los recursos de manera eficiente y aprovechamos los residuos dentro de nuestro proceso.<\/p><p>Por otra parte, a traves de packingboard y graphicboard generamos soluciones y\u00a0 alternativas dentro de la industria, reemplazando materiales como el icopor, la madera y el pl\u00e1stico; De esta manera, protegemos los recursos naturales y evitamos la contaminaci\u00f3n del medio ambiente.<\/p>\t\t\t\t\t\t<\/div>\n\t\t\t\t<\/div>\n\t\t\t\t<div class=\"elementor-element elementor-element-d215c21 elementor-widget elementor-widget-image\" data-id=\"d215c21\" data-element_type=\"widget\" data-widget_type=\"image.default\">\n\t\t\t\t<div class=\"elementor-widget-container\">\n\t\t\t<style>\/*! elementor - v3.5.3 - 28-12-2021 *\/\n.elementor-widget-image{text-align:center}.elementor-widget-image a{display:inline-block}.elementor-widget-image a img[src$=\".svg\"]{width:48px}.elementor-widget-image img{vertical-align:middle;display:inline-block}<\/style>\t\t\t\t\t\t\t\t\t\t\t\t<img loading=\"lazy\" decoding=\"async\" width=\"2043\" height=\"1362\" src=\"https:\/\/perlad.com\/wp-content\/uploads\/2022\/01\/ERGRE-min-min.jpg\" class=\"attachment-full size-full\" alt=\"\" srcset=\"https:\/\/perlad.com\/wp-content\/uploads\/2022\/01\/ERGRE-min-min.jpg 2043w, https:\/\/perlad.com\/wp-content\/uploads\/2022\/01\/ERGRE-min-min-300x200.jpg 300w, https:\/\/perlad.com\/wp-content\/uploads\/2022\/01\/ERGRE-min-min-1024x683.jpg 1024w, https:\/\/perlad.com\/wp-content\/uploads\/2022\/01\/ERGRE-min-min-768x512.jpg 768w, https:\/\/perlad.com\/wp-content\/uploads\/2022\/01\/ERGRE-min-min-1536x1024.jpg 1536w, https:\/\/perlad.com\/wp-content\/uploads\/2022\/01\/ERGRE-min-min-18x12.jpg 18w\" sizes=\"auto, (max-width: 2043px) 100vw, 2043px\" \/>\t\t\t\t\t\t\t\t\t\t\t\t\t\t\t<\/div>\n\t\t\t\t<\/div>\n\t\t\t\t\t<\/div>\n\t\t<\/div>\n\t\t\t\t\t\t\t<\/div>\n\t\t<\/section>\n\t\t\t\t\t\t<\/div>\n\t\t\t\t\t<\/div>","protected":false},"excerpt":{"rendered":"<p>Durante el 2019, participamos en Andinapack y Andigr\u00e1fica; dos de las ferias m\u00e1s importantes del pa\u00eds, mostrando nuestro compromiso con el desarrollo sostenible. En ambas ferias fueron expuestos nuestros productos fabricados a partir del cart\u00f3n; una industria que ha tenido gran crecimiento en los \u00faltimos a\u00f1os debido a su importancia dentro del camino al desarrollo sostenible.<\/p>","protected":false},"author":1,"featured_media":3421,"comment_status":"open","ping_status":"open","sticky":false,"template":"","format":"standard","meta":{"_mi_skip_tracking":false,"_monsterinsights_sitenote_active":false,"_monsterinsights_sitenote_note":"","_monsterinsights_sitenote_category":0,"footnotes":""},"categories":[18],"tags":[],"class_list":["post-3746","post","type-post","status-publish","format-standard","has-post-thumbnail","hentry","category-graphic-board"],"acf":[],"yoast_head":"<!-- This site is optimized with the Yoast SEO plugin v20.13 - https:\/\/yoast.com\/wordpress\/plugins\/seo\/ -->\n<title>INNOVACION SOSTENIBLE - Perlad<\/title>\n<meta name=\"description\" content=\"Durante el 2019, participamos en Andinapack y Andigr\u00e1fica; las ferias m\u00e1s importantes del pa\u00eds, mostrando nuestro compromiso con el planeta.\" \/>\n<meta name=\"robots\" content=\"index, follow, max-snippet:-1, max-image-preview:large, max-video-preview:-1\" \/>\n<link rel=\"canonical\" href=\"https:\/\/perlad.com\/en\/innovacion-sostenible\/\" \/>\n<meta property=\"og:locale\" content=\"en_US\" \/>\n<meta property=\"og:type\" content=\"article\" \/>\n<meta property=\"og:title\" content=\"INNOVACION SOSTENIBLE - Perlad\" \/>\n<meta property=\"og:description\" content=\"Durante el 2019, participamos en Andinapack y Andigr\u00e1fica; las ferias m\u00e1s importantes del pa\u00eds, mostrando nuestro compromiso con el planeta.\" \/>\n<meta property=\"og:url\" content=\"https:\/\/perlad.com\/en\/innovacion-sostenible\/\" \/>\n<meta property=\"og:site_name\" content=\"Perlad\" \/>\n<meta property=\"article:published_time\" content=\"2022-09-05T15:02:05+00:00\" \/>\n<meta property=\"article:modified_time\" content=\"2022-09-08T12:18:03+00:00\" \/>\n<meta property=\"og:image\" content=\"https:\/\/perlad.com\/wp-content\/uploads\/2022\/01\/009b3853-33a3-484f-95dc-4f0decf72559-min-min.jpg\" \/>\n\t<meta property=\"og:image:width\" content=\"1280\" \/>\n\t<meta property=\"og:image:height\" content=\"960\" \/>\n\t<meta property=\"og:image:type\" content=\"image\/jpeg\" \/>\n<meta name=\"author\" content=\"perlad.sas@gmail.com\" \/>\n<meta name=\"twitter:card\" content=\"summary_large_image\" \/>\n<meta name=\"twitter:label1\" content=\"Written by\" \/>\n\t<meta name=\"twitter:data1\" content=\"perlad.sas@gmail.com\" \/>\n\t<meta name=\"twitter:label2\" content=\"Est. reading time\" \/>\n\t<meta name=\"twitter:data2\" content=\"2 minutes\" \/>\n<script type=\"application\/ld+json\" class=\"yoast-schema-graph\">{\"@context\":\"https:\/\/schema.org\",\"@graph\":[{\"@type\":\"Article\",\"@id\":\"https:\/\/perlad.com\/innovacion-sostenible\/#article\",\"isPartOf\":{\"@id\":\"https:\/\/perlad.com\/innovacion-sostenible\/\"},\"author\":{\"name\":\"perlad.sas@gmail.com\",\"@id\":\"https:\/\/perlad.com\/#\/schema\/person\/a0dced09d2e827e21c05ec468bba772c\"},\"headline\":\"INNOVACION SOSTENIBLE\",\"datePublished\":\"2022-09-05T15:02:05+00:00\",\"dateModified\":\"2022-09-08T12:18:03+00:00\",\"mainEntityOfPage\":{\"@id\":\"https:\/\/perlad.com\/innovacion-sostenible\/\"},\"wordCount\":286,\"commentCount\":0,\"publisher\":{\"@id\":\"https:\/\/perlad.com\/#organization\"},\"articleSection\":[\"Graphic Board\"],\"inLanguage\":\"en-US\",\"potentialAction\":[{\"@type\":\"CommentAction\",\"name\":\"Comment\",\"target\":[\"https:\/\/perlad.com\/innovacion-sostenible\/#respond\"]}]},{\"@type\":\"WebPage\",\"@id\":\"https:\/\/perlad.com\/innovacion-sostenible\/\",\"url\":\"https:\/\/perlad.com\/innovacion-sostenible\/\",\"name\":\"INNOVACION SOSTENIBLE - Perlad\",\"isPartOf\":{\"@id\":\"https:\/\/perlad.com\/#website\"},\"datePublished\":\"2022-09-05T15:02:05+00:00\",\"dateModified\":\"2022-09-08T12:18:03+00:00\",\"description\":\"Durante el 2019, participamos en Andinapack y Andigr\u00e1fica; las ferias m\u00e1s importantes del pa\u00eds, mostrando nuestro compromiso con el planeta.\",\"breadcrumb\":{\"@id\":\"https:\/\/perlad.com\/innovacion-sostenible\/#breadcrumb\"},\"inLanguage\":\"en-US\",\"potentialAction\":[{\"@type\":\"ReadAction\",\"target\":[\"https:\/\/perlad.com\/innovacion-sostenible\/\"]}]},{\"@type\":\"BreadcrumbList\",\"@id\":\"https:\/\/perlad.com\/innovacion-sostenible\/#breadcrumb\",\"itemListElement\":[{\"@type\":\"ListItem\",\"position\":1,\"name\":\"Inicio\",\"item\":\"https:\/\/perlad.com\/\"},{\"@type\":\"ListItem\",\"position\":2,\"name\":\"Graphic Board\",\"item\":\"https:\/\/perlad.com\/en\/category\/graphic-board\/\"},{\"@type\":\"ListItem\",\"position\":3,\"name\":\"INNOVACION SOSTENIBLE\"}]},{\"@type\":\"WebSite\",\"@id\":\"https:\/\/perlad.com\/#website\",\"url\":\"https:\/\/perlad.com\/\",\"name\":\"Perlad\",\"description\":\"\",\"publisher\":{\"@id\":\"https:\/\/perlad.com\/#organization\"},\"potentialAction\":[{\"@type\":\"SearchAction\",\"target\":{\"@type\":\"EntryPoint\",\"urlTemplate\":\"https:\/\/perlad.com\/?s={search_term_string}\"},\"query-input\":\"required name=search_term_string\"}],\"inLanguage\":\"en-US\"},{\"@type\":\"Organization\",\"@id\":\"https:\/\/perlad.com\/#organization\",\"name\":\"Perlad\",\"url\":\"https:\/\/perlad.com\/\",\"logo\":{\"@type\":\"ImageObject\",\"inLanguage\":\"en-US\",\"@id\":\"https:\/\/perlad.com\/#\/schema\/logo\/image\/\",\"url\":\"https:\/\/perlad.com\/wp-content\/uploads\/2022\/01\/logo-perlad.svg\",\"contentUrl\":\"https:\/\/perlad.com\/wp-content\/uploads\/2022\/01\/logo-perlad.svg\",\"width\":162,\"height\":69,\"caption\":\"Perlad\"},\"image\":{\"@id\":\"https:\/\/perlad.com\/#\/schema\/logo\/image\/\"}},{\"@type\":\"Person\",\"@id\":\"https:\/\/perlad.com\/#\/schema\/person\/a0dced09d2e827e21c05ec468bba772c\",\"name\":\"perlad.sas@gmail.com\",\"image\":{\"@type\":\"ImageObject\",\"inLanguage\":\"en-US\",\"@id\":\"https:\/\/perlad.com\/#\/schema\/person\/image\/\",\"url\":\"https:\/\/secure.gravatar.com\/avatar\/d340dce1af480272accbfb1b50f50d0ab72287a3fd044322ca48d9ec8a8b3f02?s=96&d=mm&r=g\",\"contentUrl\":\"https:\/\/secure.gravatar.com\/avatar\/d340dce1af480272accbfb1b50f50d0ab72287a3fd044322ca48d9ec8a8b3f02?s=96&d=mm&r=g\",\"caption\":\"perlad.sas@gmail.com\"},\"sameAs\":[\"http:\/\/perlad.com\"],\"url\":\"https:\/\/perlad.com\/en\/author\/juanjoseestrategico-digital\/\"}]}<\/script>\n<!-- \/ Yoast SEO plugin. -->","yoast_head_json":{"title":"INNOVACION SOSTENIBLE - Perlad","description":"Durante el 2019, participamos en Andinapack y Andigr\u00e1fica; las ferias m\u00e1s importantes del pa\u00eds, mostrando nuestro compromiso con el planeta.","robots":{"index":"index","follow":"follow","max-snippet":"max-snippet:-1","max-image-preview":"max-image-preview:large","max-video-preview":"max-video-preview:-1"},"canonical":"https:\/\/perlad.com\/en\/innovacion-sostenible\/","og_locale":"en_US","og_type":"article","og_title":"INNOVACION SOSTENIBLE - Perlad","og_description":"Durante el 2019, participamos en Andinapack y Andigr\u00e1fica; las ferias m\u00e1s importantes del pa\u00eds, mostrando nuestro compromiso con el planeta.","og_url":"https:\/\/perlad.com\/en\/innovacion-sostenible\/","og_site_name":"Perlad","article_published_time":"2022-09-05T15:02:05+00:00","article_modified_time":"2022-09-08T12:18:03+00:00","og_image":[{"width":1280,"height":960,"url":"https:\/\/perlad.com\/wp-content\/uploads\/2022\/01\/009b3853-33a3-484f-95dc-4f0decf72559-min-min.jpg","type":"image\/jpeg"}],"author":"perlad.sas@gmail.com","twitter_card":"summary_large_image","twitter_misc":{"Written by":"perlad.sas@gmail.com","Est. reading time":"2 minutes"},"schema":{"@context":"https:\/\/schema.org","@graph":[{"@type":"Article","@id":"https:\/\/perlad.com\/innovacion-sostenible\/#article","isPartOf":{"@id":"https:\/\/perlad.com\/innovacion-sostenible\/"},"author":{"name":"perlad.sas@gmail.com","@id":"https:\/\/perlad.com\/#\/schema\/person\/a0dced09d2e827e21c05ec468bba772c"},"headline":"INNOVACION SOSTENIBLE","datePublished":"2022-09-05T15:02:05+00:00","dateModified":"2022-09-08T12:18:03+00:00","mainEntityOfPage":{"@id":"https:\/\/perlad.com\/innovacion-sostenible\/"},"wordCount":286,"commentCount":0,"publisher":{"@id":"https:\/\/perlad.com\/#organization"},"articleSection":["Graphic Board"],"inLanguage":"en-US","potentialAction":[{"@type":"CommentAction","name":"Comment","target":["https:\/\/perlad.com\/innovacion-sostenible\/#respond"]}]},{"@type":"WebPage","@id":"https:\/\/perlad.com\/innovacion-sostenible\/","url":"https:\/\/perlad.com\/innovacion-sostenible\/","name":"INNOVACION SOSTENIBLE - Perlad","isPartOf":{"@id":"https:\/\/perlad.com\/#website"},"datePublished":"2022-09-05T15:02:05+00:00","dateModified":"2022-09-08T12:18:03+00:00","description":"Durante el 2019, participamos en Andinapack y Andigr\u00e1fica; las ferias m\u00e1s importantes del pa\u00eds, mostrando nuestro compromiso con el planeta.","breadcrumb":{"@id":"https:\/\/perlad.com\/innovacion-sostenible\/#breadcrumb"},"inLanguage":"en-US","potentialAction":[{"@type":"ReadAction","target":["https:\/\/perlad.com\/innovacion-sostenible\/"]}]},{"@type":"BreadcrumbList","@id":"https:\/\/perlad.com\/innovacion-sostenible\/#breadcrumb","itemListElement":[{"@type":"ListItem","position":1,"name":"Inicio","item":"https:\/\/perlad.com\/"},{"@type":"ListItem","position":2,"name":"Graphic Board","item":"https:\/\/perlad.com\/en\/category\/graphic-board\/"},{"@type":"ListItem","position":3,"name":"INNOVACION SOSTENIBLE"}]},{"@type":"WebSite","@id":"https:\/\/perlad.com\/#website","url":"https:\/\/perlad.com\/","name":"Perlad","description":"","publisher":{"@id":"https:\/\/perlad.com\/#organization"},"potentialAction":[{"@type":"SearchAction","target":{"@type":"EntryPoint","urlTemplate":"https:\/\/perlad.com\/?s={search_term_string}"},"query-input":"required name=search_term_string"}],"inLanguage":"en-US"},{"@type":"Organization","@id":"https:\/\/perlad.com\/#organization","name":"Perlad","url":"https:\/\/perlad.com\/","logo":{"@type":"ImageObject","inLanguage":"en-US","@id":"https:\/\/perlad.com\/#\/schema\/logo\/image\/","url":"https:\/\/perlad.com\/wp-content\/uploads\/2022\/01\/logo-perlad.svg","contentUrl":"https:\/\/perlad.com\/wp-content\/uploads\/2022\/01\/logo-perlad.svg","width":162,"height":69,"caption":"Perlad"},"image":{"@id":"https:\/\/perlad.com\/#\/schema\/logo\/image\/"}},{"@type":"Person","@id":"https:\/\/perlad.com\/#\/schema\/person\/a0dced09d2e827e21c05ec468bba772c","name":"perlad.sas@gmail.com","image":{"@type":"ImageObject","inLanguage":"en-US","@id":"https:\/\/perlad.com\/#\/schema\/person\/image\/","url":"https:\/\/secure.gravatar.com\/avatar\/d340dce1af480272accbfb1b50f50d0ab72287a3fd044322ca48d9ec8a8b3f02?s=96&d=mm&r=g","contentUrl":"https:\/\/secure.gravatar.com\/avatar\/d340dce1af480272accbfb1b50f50d0ab72287a3fd044322ca48d9ec8a8b3f02?s=96&d=mm&r=g","caption":"perlad.sas@gmail.com"},"sameAs":["http:\/\/perlad.com"],"url":"https:\/\/perlad.com\/en\/author\/juanjoseestrategico-digital\/"}]}},"_links":{"self":[{"href":"https:\/\/perlad.com\/en\/wp-json\/wp\/v2\/posts\/3746","targetHints":{"allow":["GET"]}}],"collection":[{"href":"https:\/\/perlad.com\/en\/wp-json\/wp\/v2\/posts"}],"about":[{"href":"https:\/\/perlad.com\/en\/wp-json\/wp\/v2\/types\/post"}],"author":[{"embeddable":true,"href":"https:\/\/perlad.com\/en\/wp-json\/wp\/v2\/users\/1"}],"replies":[{"embeddable":true,"href":"https:\/\/perlad.com\/en\/wp-json\/wp\/v2\/comments?post=3746"}],"version-history":[{"count":17,"href":"https:\/\/perlad.com\/en\/wp-json\/wp\/v2\/posts\/3746\/revisions"}],"predecessor-version":[{"id":3781,"href":"https:\/\/perlad.com\/en\/wp-json\/wp\/v2\/posts\/3746\/revisions\/3781"}],"wp:featuredmedia":[{"embeddable":true,"href":"https:\/\/perlad.com\/en\/wp-json\/wp\/v2\/media\/3421"}],"wp:attachment":[{"href":"https:\/\/perlad.com\/en\/wp-json\/wp\/v2\/media?parent=3746"}],"wp:term":[{"taxonomy":"category","embeddable":true,"href":"https:\/\/perlad.com\/en\/wp-json\/wp\/v2\/categories?post=3746"},{"taxonomy":"post_tag","embeddable":true,"href":"https:\/\/perlad.com\/en\/wp-json\/wp\/v2\/tags?post=3746"}],"curies":[{"name":"wp","href":"https:\/\/api.w.org\/{rel}","templated":true}]}}